{"id":1047,"date":"2025-09-17T21:01:01","date_gmt":"2025-09-17T19:01:01","guid":{"rendered":"https:\/\/twierdza.gliwice.zhp.pl\/?p=1047"},"modified":"2025-09-18T20:28:56","modified_gmt":"2025-09-18T18:28:56","slug":"start-harcerski-szczepu","status":"publish","type":"post","link":"https:\/\/twierdza.gliwice.zhp.pl\/index.php\/2025\/09\/17\/start-harcerski-szczepu\/","title":{"rendered":"Start harcerski szczepu"},"content":{"rendered":"\t\t<div data-elementor-type=\"wp-post\" data-elementor-id=\"1047\" class=\"elementor elementor-1047\">\n\t\t\t\t<div class=\"elementor-element elementor-element-6796a1c6 e-flex e-con-boxed e-con e-parent\" data-id=\"6796a1c6\" data-element_type=\"container\">\n\t\t\t\t\t<div class=\"e-con-inner\">\n\t\t\t\t<div class=\"elementor-element elementor-element-6ddd55b2 premium-wrapper-link-yes elementor-widget elementor-widget-text-editor\" data-id=\"6ddd55b2\" data-element_type=\"widget\" data-widget_type=\"text-editor.default\">\n\t\t\t\t<div class=\"elementor-widget-container\">\n\t\t\t\t\t\t\t\t\t<p><!-- \/wp:heading --><\/p>\n<p><!-- wp:paragraph --><\/p>\n<p>W najbli\u017cszy pi\u0105tek <strong>19 wrze\u015bnia<\/strong> spotkamy si\u0119 na Placu Pi\u0142sudskiego podczas &#8222;Startu Harcerskiego&#8221; organizowanego przez Hufiec ZHP Ziemi Gliwickiej.<\/br><\/br>\n<p>Zapraszamy wszystkich na gr\u0119 terenow\u0105, po kt\u00f3rej nast\u0105pi apel, a nast\u0119pnie wewn\u0119trzna uroczysto\u015b\u0107 szczepowa.<\/p>\n<p><!-- \/wp:paragraph --><\/p>\t\t\t\t\t\t\t\t<\/div>\n\t\t\t\t<\/div>\n\t\t\t\t\t<\/div>\n\t\t\t\t<\/div>\n\t\t\t\t<\/div>\n\t\t","protected":false},"excerpt":{"rendered":"<p>W najbli\u017cszy pi\u0105tek 19 wrze\u015bnia spotkamy si\u0119 na Placu Pi\u0142sudskiego podczas &#8222;Startu Harcerskiego&#8221; organizowanego przez Hufiec ZHP Ziemi Gliwickiej. Zapraszamy wszystkich na gr\u0119 terenow\u0105, po kt\u00f3rej nast\u0105pi apel, a nast\u0119pnie wewn\u0119trzna uroczysto\u015b\u0107 szczepowa.<\/p>\n","protected":false},"author":1,"featured_media":0,"comment_status":"open","ping_status":"open","sticky":false,"template":"","format":"standard","meta":{"inline_featured_image":false,"footnotes":""},"categories":[1],"tags":[],"class_list":["post-1047","post","type-post","status-publish","format-standard","hentry","category-bez-kategorii"],"yoast_head":"<!-- This site is optimized with the Yoast SEO plugin v25.9 - https:\/\/yoast.com\/wordpress\/plugins\/seo\/ -->\n<title>Start harcerski szczepu - Gliwicki Szczep Twierdza<\/title>\n<meta name=\"robots\" content=\"index, follow, max-snippet:-1, max-image-preview:large, max-video-preview:-1\" \/>\n<link rel=\"canonical\" href=\"https:\/\/twierdza.gliwice.zhp.pl\/index.php\/2025\/09\/17\/start-harcerski-szczepu\/\" \/>\n<meta property=\"og:locale\" content=\"pl_PL\" \/>\n<meta property=\"og:type\" content=\"article\" \/>\n<meta property=\"og:title\" content=\"Start harcerski szczepu - Gliwicki Szczep Twierdza\" \/>\n<meta property=\"og:description\" content=\"W najbli\u017cszy pi\u0105tek 19 wrze\u015bnia spotkamy si\u0119 na Placu Pi\u0142sudskiego podczas &#8222;Startu Harcerskiego&#8221; organizowanego przez Hufiec ZHP Ziemi Gliwickiej. Zapraszamy wszystkich na gr\u0119 terenow\u0105, po kt\u00f3rej nast\u0105pi apel, a nast\u0119pnie wewn\u0119trzna uroczysto\u015b\u0107 szczepowa.\" \/>\n<meta property=\"og:url\" content=\"https:\/\/twierdza.gliwice.zhp.pl\/index.php\/2025\/09\/17\/start-harcerski-szczepu\/\" \/>\n<meta property=\"og:site_name\" content=\"Gliwicki Szczep Twierdza\" \/>\n<meta property=\"article:published_time\" content=\"2025-09-17T19:01:01+00:00\" \/>\n<meta property=\"article:modified_time\" content=\"2025-09-18T18:28:56+00:00\" \/>\n<meta name=\"author\" content=\"Szczep_Twierdza\" \/>\n<meta name=\"twitter:card\" content=\"summary_large_image\" \/>\n<meta name=\"twitter:label1\" content=\"Napisane przez\" \/>\n\t<meta name=\"twitter:data1\" content=\"Szczep_Twierdza\" \/>\n\t<meta name=\"twitter:label2\" content=\"Szacowany czas czytania\" \/>\n\t<meta name=\"twitter:data2\" content=\"1 minuta\" \/>\n<script type=\"application\/ld+json\" class=\"yoast-schema-graph\">{\"@context\":\"https:\/\/schema.org\",\"@graph\":[{\"@type\":\"Article\",\"@id\":\"https:\/\/twierdza.gliwice.zhp.pl\/index.php\/2025\/09\/17\/start-harcerski-szczepu\/#article\",\"isPartOf\":{\"@id\":\"https:\/\/twierdza.gliwice.zhp.pl\/index.php\/2025\/09\/17\/start-harcerski-szczepu\/\"},\"author\":{\"name\":\"Szczep_Twierdza\",\"@id\":\"https:\/\/twierdza.gliwice.zhp.pl\/#\/schema\/person\/e4b57869d3aba2b4a8c76580c6413962\"},\"headline\":\"Start harcerski szczepu\",\"datePublished\":\"2025-09-17T19:01:01+00:00\",\"dateModified\":\"2025-09-18T18:28:56+00:00\",\"mainEntityOfPage\":{\"@id\":\"https:\/\/twierdza.gliwice.zhp.pl\/index.php\/2025\/09\/17\/start-harcerski-szczepu\/\"},\"wordCount\":43,\"commentCount\":0,\"publisher\":{\"@id\":\"https:\/\/twierdza.gliwice.zhp.pl\/#organization\"},\"inLanguage\":\"pl-PL\",\"potentialAction\":[{\"@type\":\"CommentAction\",\"name\":\"Comment\",\"target\":[\"https:\/\/twierdza.gliwice.zhp.pl\/index.php\/2025\/09\/17\/start-harcerski-szczepu\/#respond\"]}]},{\"@type\":\"WebPage\",\"@id\":\"https:\/\/twierdza.gliwice.zhp.pl\/index.php\/2025\/09\/17\/start-harcerski-szczepu\/\",\"url\":\"https:\/\/twierdza.gliwice.zhp.pl\/index.php\/2025\/09\/17\/start-harcerski-szczepu\/\",\"name\":\"Start harcerski szczepu - Gliwicki Szczep Twierdza\",\"isPartOf\":{\"@id\":\"https:\/\/twierdza.gliwice.zhp.pl\/#website\"},\"datePublished\":\"2025-09-17T19:01:01+00:00\",\"dateModified\":\"2025-09-18T18:28:56+00:00\",\"breadcrumb\":{\"@id\":\"https:\/\/twierdza.gliwice.zhp.pl\/index.php\/2025\/09\/17\/start-harcerski-szczepu\/#breadcrumb\"},\"inLanguage\":\"pl-PL\",\"potentialAction\":[{\"@type\":\"ReadAction\",\"target\":[\"https:\/\/twierdza.gliwice.zhp.pl\/index.php\/2025\/09\/17\/start-harcerski-szczepu\/\"]}]},{\"@type\":\"BreadcrumbList\",\"@id\":\"https:\/\/twierdza.gliwice.zhp.pl\/index.php\/2025\/09\/17\/start-harcerski-szczepu\/#breadcrumb\",\"itemListElement\":[{\"@type\":\"ListItem\",\"position\":1,\"name\":\"Strona g\u0142\u00f3wna\",\"item\":\"https:\/\/twierdza.gliwice.zhp.pl\/\"},{\"@type\":\"ListItem\",\"position\":2,\"name\":\"Start harcerski szczepu\"}]},{\"@type\":\"WebSite\",\"@id\":\"https:\/\/twierdza.gliwice.zhp.pl\/#website\",\"url\":\"https:\/\/twierdza.gliwice.zhp.pl\/\",\"name\":\"Gliwicki Szczep Twierdza\",\"description\":\"Gliwicki Szczep Twierdza to jednostka dzia\u0142aj\u0105ca przy Hufcu ZHP Ziemi Gliwickiej, kt\u00f3ra zrzesza gromad\u0119 i dru\u017cyny z centrum Gliwic.\",\"publisher\":{\"@id\":\"https:\/\/twierdza.gliwice.zhp.pl\/#organization\"},\"potentialAction\":[{\"@type\":\"SearchAction\",\"target\":{\"@type\":\"EntryPoint\",\"urlTemplate\":\"https:\/\/twierdza.gliwice.zhp.pl\/?s={search_term_string}\"},\"query-input\":{\"@type\":\"PropertyValueSpecification\",\"valueRequired\":true,\"valueName\":\"search_term_string\"}}],\"inLanguage\":\"pl-PL\"},{\"@type\":\"Organization\",\"@id\":\"https:\/\/twierdza.gliwice.zhp.pl\/#organization\",\"name\":\"Gliwicki Szczep Twierdza\",\"url\":\"https:\/\/twierdza.gliwice.zhp.pl\/\",\"logo\":{\"@type\":\"ImageObject\",\"inLanguage\":\"pl-PL\",\"@id\":\"https:\/\/twierdza.gliwice.zhp.pl\/#\/schema\/logo\/image\/\",\"url\":\"https:\/\/twierdza.gliwice.zhp.pl\/wp-content\/uploads\/2023\/11\/logo-twierdza-white.png\",\"contentUrl\":\"https:\/\/twierdza.gliwice.zhp.pl\/wp-content\/uploads\/2023\/11\/logo-twierdza-white.png\",\"width\":7247,\"height\":2119,\"caption\":\"Gliwicki Szczep Twierdza\"},\"image\":{\"@id\":\"https:\/\/twierdza.gliwice.zhp.pl\/#\/schema\/logo\/image\/\"}},{\"@type\":\"Person\",\"@id\":\"https:\/\/twierdza.gliwice.zhp.pl\/#\/schema\/person\/e4b57869d3aba2b4a8c76580c6413962\",\"name\":\"Szczep_Twierdza\",\"image\":{\"@type\":\"ImageObject\",\"inLanguage\":\"pl-PL\",\"@id\":\"https:\/\/twierdza.gliwice.zhp.pl\/#\/schema\/person\/image\/\",\"url\":\"https:\/\/secure.gravatar.com\/avatar\/7d67dcc9da347f82c0616b6154bd81eeec2c82e4ea5881248eca8d1f3413d3bd?s=96&d=mm&r=g\",\"contentUrl\":\"https:\/\/secure.gravatar.com\/avatar\/7d67dcc9da347f82c0616b6154bd81eeec2c82e4ea5881248eca8d1f3413d3bd?s=96&d=mm&r=g\",\"caption\":\"Szczep_Twierdza\"},\"sameAs\":[\"https:\/\/twierdza.gliwice.zhp.pl\"],\"url\":\"https:\/\/twierdza.gliwice.zhp.pl\/index.php\/author\/szczep_twierdza\/\"}]}<\/script>\n<!-- \/ Yoast SEO plugin. -->","yoast_head_json":{"title":"Start harcerski szczepu - Gliwicki Szczep Twierdza","robots":{"index":"index","follow":"follow","max-snippet":"max-snippet:-1","max-image-preview":"max-image-preview:large","max-video-preview":"max-video-preview:-1"},"canonical":"https:\/\/twierdza.gliwice.zhp.pl\/index.php\/2025\/09\/17\/start-harcerski-szczepu\/","og_locale":"pl_PL","og_type":"article","og_title":"Start harcerski szczepu - Gliwicki Szczep Twierdza","og_description":"W najbli\u017cszy pi\u0105tek 19 wrze\u015bnia spotkamy si\u0119 na Placu Pi\u0142sudskiego podczas &#8222;Startu Harcerskiego&#8221; organizowanego przez Hufiec ZHP Ziemi Gliwickiej. Zapraszamy wszystkich na gr\u0119 terenow\u0105, po kt\u00f3rej nast\u0105pi apel, a nast\u0119pnie wewn\u0119trzna uroczysto\u015b\u0107 szczepowa.","og_url":"https:\/\/twierdza.gliwice.zhp.pl\/index.php\/2025\/09\/17\/start-harcerski-szczepu\/","og_site_name":"Gliwicki Szczep Twierdza","article_published_time":"2025-09-17T19:01:01+00:00","article_modified_time":"2025-09-18T18:28:56+00:00","author":"Szczep_Twierdza","twitter_card":"summary_large_image","twitter_misc":{"Napisane przez":"Szczep_Twierdza","Szacowany czas czytania":"1 minuta"},"schema":{"@context":"https:\/\/schema.org","@graph":[{"@type":"Article","@id":"https:\/\/twierdza.gliwice.zhp.pl\/index.php\/2025\/09\/17\/start-harcerski-szczepu\/#article","isPartOf":{"@id":"https:\/\/twierdza.gliwice.zhp.pl\/index.php\/2025\/09\/17\/start-harcerski-szczepu\/"},"author":{"name":"Szczep_Twierdza","@id":"https:\/\/twierdza.gliwice.zhp.pl\/#\/schema\/person\/e4b57869d3aba2b4a8c76580c6413962"},"headline":"Start harcerski szczepu","datePublished":"2025-09-17T19:01:01+00:00","dateModified":"2025-09-18T18:28:56+00:00","mainEntityOfPage":{"@id":"https:\/\/twierdza.gliwice.zhp.pl\/index.php\/2025\/09\/17\/start-harcerski-szczepu\/"},"wordCount":43,"commentCount":0,"publisher":{"@id":"https:\/\/twierdza.gliwice.zhp.pl\/#organization"},"inLanguage":"pl-PL","potentialAction":[{"@type":"CommentAction","name":"Comment","target":["https:\/\/twierdza.gliwice.zhp.pl\/index.php\/2025\/09\/17\/start-harcerski-szczepu\/#respond"]}]},{"@type":"WebPage","@id":"https:\/\/twierdza.gliwice.zhp.pl\/index.php\/2025\/09\/17\/start-harcerski-szczepu\/","url":"https:\/\/twierdza.gliwice.zhp.pl\/index.php\/2025\/09\/17\/start-harcerski-szczepu\/","name":"Start harcerski szczepu - Gliwicki Szczep Twierdza","isPartOf":{"@id":"https:\/\/twierdza.gliwice.zhp.pl\/#website"},"datePublished":"2025-09-17T19:01:01+00:00","dateModified":"2025-09-18T18:28:56+00:00","breadcrumb":{"@id":"https:\/\/twierdza.gliwice.zhp.pl\/index.php\/2025\/09\/17\/start-harcerski-szczepu\/#breadcrumb"},"inLanguage":"pl-PL","potentialAction":[{"@type":"ReadAction","target":["https:\/\/twierdza.gliwice.zhp.pl\/index.php\/2025\/09\/17\/start-harcerski-szczepu\/"]}]},{"@type":"BreadcrumbList","@id":"https:\/\/twierdza.gliwice.zhp.pl\/index.php\/2025\/09\/17\/start-harcerski-szczepu\/#breadcrumb","itemListElement":[{"@type":"ListItem","position":1,"name":"Strona g\u0142\u00f3wna","item":"https:\/\/twierdza.gliwice.zhp.pl\/"},{"@type":"ListItem","position":2,"name":"Start harcerski szczepu"}]},{"@type":"WebSite","@id":"https:\/\/twierdza.gliwice.zhp.pl\/#website","url":"https:\/\/twierdza.gliwice.zhp.pl\/","name":"Gliwicki Szczep Twierdza","description":"Gliwicki Szczep Twierdza to jednostka dzia\u0142aj\u0105ca przy Hufcu ZHP Ziemi Gliwickiej, kt\u00f3ra zrzesza gromad\u0119 i dru\u017cyny z centrum Gliwic.","publisher":{"@id":"https:\/\/twierdza.gliwice.zhp.pl\/#organization"},"potentialAction":[{"@type":"SearchAction","target":{"@type":"EntryPoint","urlTemplate":"https:\/\/twierdza.gliwice.zhp.pl\/?s={search_term_string}"},"query-input":{"@type":"PropertyValueSpecification","valueRequired":true,"valueName":"search_term_string"}}],"inLanguage":"pl-PL"},{"@type":"Organization","@id":"https:\/\/twierdza.gliwice.zhp.pl\/#organization","name":"Gliwicki Szczep Twierdza","url":"https:\/\/twierdza.gliwice.zhp.pl\/","logo":{"@type":"ImageObject","inLanguage":"pl-PL","@id":"https:\/\/twierdza.gliwice.zhp.pl\/#\/schema\/logo\/image\/","url":"https:\/\/twierdza.gliwice.zhp.pl\/wp-content\/uploads\/2023\/11\/logo-twierdza-white.png","contentUrl":"https:\/\/twierdza.gliwice.zhp.pl\/wp-content\/uploads\/2023\/11\/logo-twierdza-white.png","width":7247,"height":2119,"caption":"Gliwicki Szczep Twierdza"},"image":{"@id":"https:\/\/twierdza.gliwice.zhp.pl\/#\/schema\/logo\/image\/"}},{"@type":"Person","@id":"https:\/\/twierdza.gliwice.zhp.pl\/#\/schema\/person\/e4b57869d3aba2b4a8c76580c6413962","name":"Szczep_Twierdza","image":{"@type":"ImageObject","inLanguage":"pl-PL","@id":"https:\/\/twierdza.gliwice.zhp.pl\/#\/schema\/person\/image\/","url":"https:\/\/secure.gravatar.com\/avatar\/7d67dcc9da347f82c0616b6154bd81eeec2c82e4ea5881248eca8d1f3413d3bd?s=96&d=mm&r=g","contentUrl":"https:\/\/secure.gravatar.com\/avatar\/7d67dcc9da347f82c0616b6154bd81eeec2c82e4ea5881248eca8d1f3413d3bd?s=96&d=mm&r=g","caption":"Szczep_Twierdza"},"sameAs":["https:\/\/twierdza.gliwice.zhp.pl"],"url":"https:\/\/twierdza.gliwice.zhp.pl\/index.php\/author\/szczep_twierdza\/"}]}},"_links":{"self":[{"href":"https:\/\/twierdza.gliwice.zhp.pl\/index.php\/wp-json\/wp\/v2\/posts\/1047","targetHints":{"allow":["GET"]}}],"collection":[{"href":"https:\/\/twierdza.gliwice.zhp.pl\/index.php\/wp-json\/wp\/v2\/posts"}],"about":[{"href":"https:\/\/twierdza.gliwice.zhp.pl\/index.php\/wp-json\/wp\/v2\/types\/post"}],"author":[{"embeddable":true,"href":"https:\/\/twierdza.gliwice.zhp.pl\/index.php\/wp-json\/wp\/v2\/users\/1"}],"replies":[{"embeddable":true,"href":"https:\/\/twierdza.gliwice.zhp.pl\/index.php\/wp-json\/wp\/v2\/comments?post=1047"}],"version-history":[{"count":22,"href":"https:\/\/twierdza.gliwice.zhp.pl\/index.php\/wp-json\/wp\/v2\/posts\/1047\/revisions"}],"predecessor-version":[{"id":1135,"href":"https:\/\/twierdza.gliwice.zhp.pl\/index.php\/wp-json\/wp\/v2\/posts\/1047\/revisions\/1135"}],"wp:attachment":[{"href":"https:\/\/twierdza.gliwice.zhp.pl\/index.php\/wp-json\/wp\/v2\/media?parent=1047"}],"wp:term":[{"taxonomy":"category","embeddable":true,"href":"https:\/\/twierdza.gliwice.zhp.pl\/index.php\/wp-json\/wp\/v2\/categories?post=1047"},{"taxonomy":"post_tag","embeddable":true,"href":"https:\/\/twierdza.gliwice.zhp.pl\/index.php\/wp-json\/wp\/v2\/tags?post=1047"}],"curies":[{"name":"wp","href":"https:\/\/api.w.org\/{rel}","templated":true}]}}