{"id":1119,"date":"2025-09-18T20:20:39","date_gmt":"2025-09-18T18:20:39","guid":{"rendered":"https:\/\/twierdza.gliwice.zhp.pl\/?p=1119"},"modified":"2025-10-21T20:21:01","modified_gmt":"2025-10-21T18:21:01","slug":"warty-honorowe","status":"publish","type":"post","link":"https:\/\/twierdza.gliwice.zhp.pl\/index.php\/2025\/09\/18\/warty-honorowe\/","title":{"rendered":"Warty honorowe 1.11"},"content":{"rendered":"\t\t<div data-elementor-type=\"wp-post\" data-elementor-id=\"1119\" class=\"elementor elementor-1119\">\n\t\t\t\t<div class=\"elementor-element elementor-element-205242fb e-flex e-con-boxed e-con e-parent\" data-id=\"205242fb\" data-element_type=\"container\">\n\t\t\t\t\t<div class=\"e-con-inner\">\n\t\t<div class=\"elementor-element elementor-element-7878883 e-con-full e-flex e-con e-child\" data-id=\"7878883\" data-element_type=\"container\">\n\t\t\t\t<div class=\"elementor-element elementor-element-ecdfc86 premium-wrapper-link-yes elementor-widget elementor-widget-text-editor\" data-id=\"ecdfc86\" data-element_type=\"widget\" data-widget_type=\"text-editor.default\">\n\t\t\t\t<div class=\"elementor-widget-container\">\n\t\t\t\t\t\t\t\t\t<h2 class=\"wp-block-heading\"><\/h2>\n<p><strong>Wielkimi krokami zbli\u017ca si\u0119 1.11 &#8211; czyli \u015awi\u0119to Zmar\u0142ych. <span class=\"html-span xexx8yu xyri2b x18d9i69 x1c1uobl x1hl2dhg x16tdsg8 x1vvkbs x3nfvp2 x1j61x8r x1fcty0u xdj266r xat24cr xm2jcoa x1mpyi22 xxymvpz xlup9mm x1kky2od\"><img decoding=\"async\" class=\"xz74otr x15mokao x1ga7v0g x16uus16 xbiv7yw\" src=\"https:\/\/static.xx.fbcdn.net\/images\/emoji.php\/v9\/t7d\/1\/16\/1f56f.png\" alt=\"\ud83d\udd6f\ufe0f\" width=\"16\" height=\"16\" \/><\/span> <\/strong><\/p>\n<p>\u00a0<\/p>\n<p>W tym roku b\u0119dziemy wartowa\u0107 nad grobami za\u0142o\u017cycieli Szczepu &#8222;Halny&#8221; z Gliwic &#8211; dh Emiliana Motyki (Cmentarz Lipowy) oraz dh Dariusza M\u0142otkowskiego (Cmentarz na W\u00f3jtowej Wsi). Opr\u00f3cz tego, w miar\u0119 mo\u017cliwo\u015bci, wystawiamy te\u017c warty na grobach innych gliwickich instruktor\u00f3w, r\u00f3wnie\u017c na Cmentarzu na W\u00f3jtowej Wsi &#8211; hm. Rufina Fulczyka, hm. Tadeusza Pielasza oraz hm. Stanis\u0142awa Czerwi\u0144skiego.<\/p>\n<p>\u00a0<\/p>\n<p>Zakres godzinowy to 8:00-20:00. Zmieniamy si\u0119 co godzin\u0119 lub co dwie (jak kto woli). Prosimy o podanie w miar\u0119 mo\u017cliwo\u015bci trzech proponowanych godzin, celem u\u0142o\u017cenia grafiku. Warty odbywaj\u0105 si\u0119 w mundurach, ale jakby kto\u015b jeszcze nie mia\u0142 munduru a chcia\u0142 wartowa\u0107 to te\u017c mo\u017ce napisa\u0107 i pomy\u015blimy.<\/p>\n<p>\u00a0<\/p>\n<p><strong>Zg\u0142oszenia przyjmuje druhna Pola Kowalczyk (726710643 lub Messenger).<\/strong> W zg\u0142oszeniu nale\u017cy poda\u0107: imi\u0119 i nazwisko, dru\u017cyna, dost\u0119pno\u015b\u0107 godzinowa (w jakich godzinach mo\u017ce si\u0119 sta\u0107) oraz numer telefonu. <strong>Termin zg\u0142osze\u0144 to 30.10.<\/strong><br \/><\/p>\n<p><!-- \/wp:paragraph --><\/p>\t\t\t\t\t\t\t\t<\/div>\n\t\t\t\t<\/div>\n\t\t\t\t<\/div>\n\t\t\t\t\t<\/div>\n\t\t\t\t<\/div>\n\t\t\t\t<\/div>\n\t\t","protected":false},"excerpt":{"rendered":"<p>Wielkimi krokami zbli\u017ca si\u0119 1.11 &#8211; czyli \u015awi\u0119to Zmar\u0142ych. \u00a0 W tym roku b\u0119dziemy wartowa\u0107 nad grobami za\u0142o\u017cycieli Szczepu &#8222;Halny&#8221; z Gliwic &#8211; dh Emiliana Motyki (Cmentarz Lipowy) oraz dh Dariusza M\u0142otkowskiego (Cmentarz na W\u00f3jtowej Wsi). Opr\u00f3cz tego, w miar\u0119 mo\u017cliwo\u015bci, wystawiamy te\u017c warty na grobach innych gliwickich instruktor\u00f3w, r\u00f3wnie\u017c na Cmentarzu na W\u00f3jtowej Wsi [&hellip;]<\/p>\n","protected":false},"author":1,"featured_media":0,"comment_status":"open","ping_status":"open","sticky":false,"template":"","format":"standard","meta":{"inline_featured_image":false,"footnotes":""},"categories":[1],"tags":[],"class_list":["post-1119","post","type-post","status-publish","format-standard","hentry","category-bez-kategorii"],"yoast_head":"<!-- This site is optimized with the Yoast SEO plugin v25.9 - https:\/\/yoast.com\/wordpress\/plugins\/seo\/ -->\n<title>Warty honorowe 1.11 - Gliwicki Szczep Twierdza<\/title>\n<meta name=\"robots\" content=\"index, follow, max-snippet:-1, max-image-preview:large, max-video-preview:-1\" \/>\n<link rel=\"canonical\" href=\"https:\/\/twierdza.gliwice.zhp.pl\/index.php\/2025\/09\/18\/warty-honorowe\/\" \/>\n<meta property=\"og:locale\" content=\"pl_PL\" \/>\n<meta property=\"og:type\" content=\"article\" \/>\n<meta property=\"og:title\" content=\"Warty honorowe 1.11 - Gliwicki Szczep Twierdza\" \/>\n<meta property=\"og:description\" content=\"Wielkimi krokami zbli\u017ca si\u0119 1.11 &#8211; czyli \u015awi\u0119to Zmar\u0142ych. \u00a0 W tym roku b\u0119dziemy wartowa\u0107 nad grobami za\u0142o\u017cycieli Szczepu &#8222;Halny&#8221; z Gliwic &#8211; dh Emiliana Motyki (Cmentarz Lipowy) oraz dh Dariusza M\u0142otkowskiego (Cmentarz na W\u00f3jtowej Wsi). Opr\u00f3cz tego, w miar\u0119 mo\u017cliwo\u015bci, wystawiamy te\u017c warty na grobach innych gliwickich instruktor\u00f3w, r\u00f3wnie\u017c na Cmentarzu na W\u00f3jtowej Wsi [&hellip;]\" \/>\n<meta property=\"og:url\" content=\"https:\/\/twierdza.gliwice.zhp.pl\/index.php\/2025\/09\/18\/warty-honorowe\/\" \/>\n<meta property=\"og:site_name\" content=\"Gliwicki Szczep Twierdza\" \/>\n<meta property=\"article:published_time\" content=\"2025-09-18T18:20:39+00:00\" \/>\n<meta property=\"article:modified_time\" content=\"2025-10-21T18:21:01+00:00\" \/>\n<meta property=\"og:image\" content=\"https:\/\/static.xx.fbcdn.net\/images\/emoji.php\/v9\/t7d\/1\/16\/1f56f.png\" \/>\n<meta name=\"author\" content=\"Szczep_Twierdza\" \/>\n<meta name=\"twitter:card\" content=\"summary_large_image\" \/>\n<meta name=\"twitter:label1\" content=\"Napisane przez\" \/>\n\t<meta name=\"twitter:data1\" content=\"Szczep_Twierdza\" \/>\n\t<meta name=\"twitter:label2\" content=\"Szacowany czas czytania\" \/>\n\t<meta name=\"twitter:data2\" content=\"2 minuty\" \/>\n<script type=\"application\/ld+json\" class=\"yoast-schema-graph\">{\"@context\":\"https:\/\/schema.org\",\"@graph\":[{\"@type\":\"Article\",\"@id\":\"https:\/\/twierdza.gliwice.zhp.pl\/index.php\/2025\/09\/18\/warty-honorowe\/#article\",\"isPartOf\":{\"@id\":\"https:\/\/twierdza.gliwice.zhp.pl\/index.php\/2025\/09\/18\/warty-honorowe\/\"},\"author\":{\"name\":\"Szczep_Twierdza\",\"@id\":\"https:\/\/twierdza.gliwice.zhp.pl\/#\/schema\/person\/e4b57869d3aba2b4a8c76580c6413962\"},\"headline\":\"Warty honorowe 1.11\",\"datePublished\":\"2025-09-18T18:20:39+00:00\",\"dateModified\":\"2025-10-21T18:21:01+00:00\",\"mainEntityOfPage\":{\"@id\":\"https:\/\/twierdza.gliwice.zhp.pl\/index.php\/2025\/09\/18\/warty-honorowe\/\"},\"wordCount\":171,\"commentCount\":0,\"publisher\":{\"@id\":\"https:\/\/twierdza.gliwice.zhp.pl\/#organization\"},\"image\":{\"@id\":\"https:\/\/twierdza.gliwice.zhp.pl\/index.php\/2025\/09\/18\/warty-honorowe\/#primaryimage\"},\"thumbnailUrl\":\"https:\/\/static.xx.fbcdn.net\/images\/emoji.php\/v9\/t7d\/1\/16\/1f56f.png\",\"inLanguage\":\"pl-PL\",\"potentialAction\":[{\"@type\":\"CommentAction\",\"name\":\"Comment\",\"target\":[\"https:\/\/twierdza.gliwice.zhp.pl\/index.php\/2025\/09\/18\/warty-honorowe\/#respond\"]}]},{\"@type\":\"WebPage\",\"@id\":\"https:\/\/twierdza.gliwice.zhp.pl\/index.php\/2025\/09\/18\/warty-honorowe\/\",\"url\":\"https:\/\/twierdza.gliwice.zhp.pl\/index.php\/2025\/09\/18\/warty-honorowe\/\",\"name\":\"Warty honorowe 1.11 - Gliwicki Szczep Twierdza\",\"isPartOf\":{\"@id\":\"https:\/\/twierdza.gliwice.zhp.pl\/#website\"},\"primaryImageOfPage\":{\"@id\":\"https:\/\/twierdza.gliwice.zhp.pl\/index.php\/2025\/09\/18\/warty-honorowe\/#primaryimage\"},\"image\":{\"@id\":\"https:\/\/twierdza.gliwice.zhp.pl\/index.php\/2025\/09\/18\/warty-honorowe\/#primaryimage\"},\"thumbnailUrl\":\"https:\/\/static.xx.fbcdn.net\/images\/emoji.php\/v9\/t7d\/1\/16\/1f56f.png\",\"datePublished\":\"2025-09-18T18:20:39+00:00\",\"dateModified\":\"2025-10-21T18:21:01+00:00\",\"breadcrumb\":{\"@id\":\"https:\/\/twierdza.gliwice.zhp.pl\/index.php\/2025\/09\/18\/warty-honorowe\/#breadcrumb\"},\"inLanguage\":\"pl-PL\",\"potentialAction\":[{\"@type\":\"ReadAction\",\"target\":[\"https:\/\/twierdza.gliwice.zhp.pl\/index.php\/2025\/09\/18\/warty-honorowe\/\"]}]},{\"@type\":\"ImageObject\",\"inLanguage\":\"pl-PL\",\"@id\":\"https:\/\/twierdza.gliwice.zhp.pl\/index.php\/2025\/09\/18\/warty-honorowe\/#primaryimage\",\"url\":\"https:\/\/static.xx.fbcdn.net\/images\/emoji.php\/v9\/t7d\/1\/16\/1f56f.png\",\"contentUrl\":\"https:\/\/static.xx.fbcdn.net\/images\/emoji.php\/v9\/t7d\/1\/16\/1f56f.png\"},{\"@type\":\"BreadcrumbList\",\"@id\":\"https:\/\/twierdza.gliwice.zhp.pl\/index.php\/2025\/09\/18\/warty-honorowe\/#breadcrumb\",\"itemListElement\":[{\"@type\":\"ListItem\",\"position\":1,\"name\":\"Strona g\u0142\u00f3wna\",\"item\":\"https:\/\/twierdza.gliwice.zhp.pl\/\"},{\"@type\":\"ListItem\",\"position\":2,\"name\":\"Warty honorowe 1.11\"}]},{\"@type\":\"WebSite\",\"@id\":\"https:\/\/twierdza.gliwice.zhp.pl\/#website\",\"url\":\"https:\/\/twierdza.gliwice.zhp.pl\/\",\"name\":\"Gliwicki Szczep Twierdza\",\"description\":\"Gliwicki Szczep Twierdza to jednostka dzia\u0142aj\u0105ca przy Hufcu ZHP Ziemi Gliwickiej, kt\u00f3ra zrzesza gromad\u0119 i dru\u017cyny z centrum Gliwic.\",\"publisher\":{\"@id\":\"https:\/\/twierdza.gliwice.zhp.pl\/#organization\"},\"potentialAction\":[{\"@type\":\"SearchAction\",\"target\":{\"@type\":\"EntryPoint\",\"urlTemplate\":\"https:\/\/twierdza.gliwice.zhp.pl\/?s={search_term_string}\"},\"query-input\":{\"@type\":\"PropertyValueSpecification\",\"valueRequired\":true,\"valueName\":\"search_term_string\"}}],\"inLanguage\":\"pl-PL\"},{\"@type\":\"Organization\",\"@id\":\"https:\/\/twierdza.gliwice.zhp.pl\/#organization\",\"name\":\"Gliwicki Szczep Twierdza\",\"url\":\"https:\/\/twierdza.gliwice.zhp.pl\/\",\"logo\":{\"@type\":\"ImageObject\",\"inLanguage\":\"pl-PL\",\"@id\":\"https:\/\/twierdza.gliwice.zhp.pl\/#\/schema\/logo\/image\/\",\"url\":\"https:\/\/twierdza.gliwice.zhp.pl\/wp-content\/uploads\/2023\/11\/logo-twierdza-white.png\",\"contentUrl\":\"https:\/\/twierdza.gliwice.zhp.pl\/wp-content\/uploads\/2023\/11\/logo-twierdza-white.png\",\"width\":7247,\"height\":2119,\"caption\":\"Gliwicki Szczep Twierdza\"},\"image\":{\"@id\":\"https:\/\/twierdza.gliwice.zhp.pl\/#\/schema\/logo\/image\/\"}},{\"@type\":\"Person\",\"@id\":\"https:\/\/twierdza.gliwice.zhp.pl\/#\/schema\/person\/e4b57869d3aba2b4a8c76580c6413962\",\"name\":\"Szczep_Twierdza\",\"image\":{\"@type\":\"ImageObject\",\"inLanguage\":\"pl-PL\",\"@id\":\"https:\/\/twierdza.gliwice.zhp.pl\/#\/schema\/person\/image\/\",\"url\":\"https:\/\/secure.gravatar.com\/avatar\/7d67dcc9da347f82c0616b6154bd81eeec2c82e4ea5881248eca8d1f3413d3bd?s=96&d=mm&r=g\",\"contentUrl\":\"https:\/\/secure.gravatar.com\/avatar\/7d67dcc9da347f82c0616b6154bd81eeec2c82e4ea5881248eca8d1f3413d3bd?s=96&d=mm&r=g\",\"caption\":\"Szczep_Twierdza\"},\"sameAs\":[\"https:\/\/twierdza.gliwice.zhp.pl\"],\"url\":\"https:\/\/twierdza.gliwice.zhp.pl\/index.php\/author\/szczep_twierdza\/\"}]}<\/script>\n<!-- \/ Yoast SEO plugin. -->","yoast_head_json":{"title":"Warty honorowe 1.11 - Gliwicki Szczep Twierdza","robots":{"index":"index","follow":"follow","max-snippet":"max-snippet:-1","max-image-preview":"max-image-preview:large","max-video-preview":"max-video-preview:-1"},"canonical":"https:\/\/twierdza.gliwice.zhp.pl\/index.php\/2025\/09\/18\/warty-honorowe\/","og_locale":"pl_PL","og_type":"article","og_title":"Warty honorowe 1.11 - Gliwicki Szczep Twierdza","og_description":"Wielkimi krokami zbli\u017ca si\u0119 1.11 &#8211; czyli \u015awi\u0119to Zmar\u0142ych. \u00a0 W tym roku b\u0119dziemy wartowa\u0107 nad grobami za\u0142o\u017cycieli Szczepu &#8222;Halny&#8221; z Gliwic &#8211; dh Emiliana Motyki (Cmentarz Lipowy) oraz dh Dariusza M\u0142otkowskiego (Cmentarz na W\u00f3jtowej Wsi). Opr\u00f3cz tego, w miar\u0119 mo\u017cliwo\u015bci, wystawiamy te\u017c warty na grobach innych gliwickich instruktor\u00f3w, r\u00f3wnie\u017c na Cmentarzu na W\u00f3jtowej Wsi [&hellip;]","og_url":"https:\/\/twierdza.gliwice.zhp.pl\/index.php\/2025\/09\/18\/warty-honorowe\/","og_site_name":"Gliwicki Szczep Twierdza","article_published_time":"2025-09-18T18:20:39+00:00","article_modified_time":"2025-10-21T18:21:01+00:00","og_image":[{"url":"https:\/\/static.xx.fbcdn.net\/images\/emoji.php\/v9\/t7d\/1\/16\/1f56f.png","type":"","width":"","height":""}],"author":"Szczep_Twierdza","twitter_card":"summary_large_image","twitter_misc":{"Napisane przez":"Szczep_Twierdza","Szacowany czas czytania":"2 minuty"},"schema":{"@context":"https:\/\/schema.org","@graph":[{"@type":"Article","@id":"https:\/\/twierdza.gliwice.zhp.pl\/index.php\/2025\/09\/18\/warty-honorowe\/#article","isPartOf":{"@id":"https:\/\/twierdza.gliwice.zhp.pl\/index.php\/2025\/09\/18\/warty-honorowe\/"},"author":{"name":"Szczep_Twierdza","@id":"https:\/\/twierdza.gliwice.zhp.pl\/#\/schema\/person\/e4b57869d3aba2b4a8c76580c6413962"},"headline":"Warty honorowe 1.11","datePublished":"2025-09-18T18:20:39+00:00","dateModified":"2025-10-21T18:21:01+00:00","mainEntityOfPage":{"@id":"https:\/\/twierdza.gliwice.zhp.pl\/index.php\/2025\/09\/18\/warty-honorowe\/"},"wordCount":171,"commentCount":0,"publisher":{"@id":"https:\/\/twierdza.gliwice.zhp.pl\/#organization"},"image":{"@id":"https:\/\/twierdza.gliwice.zhp.pl\/index.php\/2025\/09\/18\/warty-honorowe\/#primaryimage"},"thumbnailUrl":"https:\/\/static.xx.fbcdn.net\/images\/emoji.php\/v9\/t7d\/1\/16\/1f56f.png","inLanguage":"pl-PL","potentialAction":[{"@type":"CommentAction","name":"Comment","target":["https:\/\/twierdza.gliwice.zhp.pl\/index.php\/2025\/09\/18\/warty-honorowe\/#respond"]}]},{"@type":"WebPage","@id":"https:\/\/twierdza.gliwice.zhp.pl\/index.php\/2025\/09\/18\/warty-honorowe\/","url":"https:\/\/twierdza.gliwice.zhp.pl\/index.php\/2025\/09\/18\/warty-honorowe\/","name":"Warty honorowe 1.11 - Gliwicki Szczep Twierdza","isPartOf":{"@id":"https:\/\/twierdza.gliwice.zhp.pl\/#website"},"primaryImageOfPage":{"@id":"https:\/\/twierdza.gliwice.zhp.pl\/index.php\/2025\/09\/18\/warty-honorowe\/#primaryimage"},"image":{"@id":"https:\/\/twierdza.gliwice.zhp.pl\/index.php\/2025\/09\/18\/warty-honorowe\/#primaryimage"},"thumbnailUrl":"https:\/\/static.xx.fbcdn.net\/images\/emoji.php\/v9\/t7d\/1\/16\/1f56f.png","datePublished":"2025-09-18T18:20:39+00:00","dateModified":"2025-10-21T18:21:01+00:00","breadcrumb":{"@id":"https:\/\/twierdza.gliwice.zhp.pl\/index.php\/2025\/09\/18\/warty-honorowe\/#breadcrumb"},"inLanguage":"pl-PL","potentialAction":[{"@type":"ReadAction","target":["https:\/\/twierdza.gliwice.zhp.pl\/index.php\/2025\/09\/18\/warty-honorowe\/"]}]},{"@type":"ImageObject","inLanguage":"pl-PL","@id":"https:\/\/twierdza.gliwice.zhp.pl\/index.php\/2025\/09\/18\/warty-honorowe\/#primaryimage","url":"https:\/\/static.xx.fbcdn.net\/images\/emoji.php\/v9\/t7d\/1\/16\/1f56f.png","contentUrl":"https:\/\/static.xx.fbcdn.net\/images\/emoji.php\/v9\/t7d\/1\/16\/1f56f.png"},{"@type":"BreadcrumbList","@id":"https:\/\/twierdza.gliwice.zhp.pl\/index.php\/2025\/09\/18\/warty-honorowe\/#breadcrumb","itemListElement":[{"@type":"ListItem","position":1,"name":"Strona g\u0142\u00f3wna","item":"https:\/\/twierdza.gliwice.zhp.pl\/"},{"@type":"ListItem","position":2,"name":"Warty honorowe 1.11"}]},{"@type":"WebSite","@id":"https:\/\/twierdza.gliwice.zhp.pl\/#website","url":"https:\/\/twierdza.gliwice.zhp.pl\/","name":"Gliwicki Szczep Twierdza","description":"Gliwicki Szczep Twierdza to jednostka dzia\u0142aj\u0105ca przy Hufcu ZHP Ziemi Gliwickiej, kt\u00f3ra zrzesza gromad\u0119 i dru\u017cyny z centrum Gliwic.","publisher":{"@id":"https:\/\/twierdza.gliwice.zhp.pl\/#organization"},"potentialAction":[{"@type":"SearchAction","target":{"@type":"EntryPoint","urlTemplate":"https:\/\/twierdza.gliwice.zhp.pl\/?s={search_term_string}"},"query-input":{"@type":"PropertyValueSpecification","valueRequired":true,"valueName":"search_term_string"}}],"inLanguage":"pl-PL"},{"@type":"Organization","@id":"https:\/\/twierdza.gliwice.zhp.pl\/#organization","name":"Gliwicki Szczep Twierdza","url":"https:\/\/twierdza.gliwice.zhp.pl\/","logo":{"@type":"ImageObject","inLanguage":"pl-PL","@id":"https:\/\/twierdza.gliwice.zhp.pl\/#\/schema\/logo\/image\/","url":"https:\/\/twierdza.gliwice.zhp.pl\/wp-content\/uploads\/2023\/11\/logo-twierdza-white.png","contentUrl":"https:\/\/twierdza.gliwice.zhp.pl\/wp-content\/uploads\/2023\/11\/logo-twierdza-white.png","width":7247,"height":2119,"caption":"Gliwicki Szczep Twierdza"},"image":{"@id":"https:\/\/twierdza.gliwice.zhp.pl\/#\/schema\/logo\/image\/"}},{"@type":"Person","@id":"https:\/\/twierdza.gliwice.zhp.pl\/#\/schema\/person\/e4b57869d3aba2b4a8c76580c6413962","name":"Szczep_Twierdza","image":{"@type":"ImageObject","inLanguage":"pl-PL","@id":"https:\/\/twierdza.gliwice.zhp.pl\/#\/schema\/person\/image\/","url":"https:\/\/secure.gravatar.com\/avatar\/7d67dcc9da347f82c0616b6154bd81eeec2c82e4ea5881248eca8d1f3413d3bd?s=96&d=mm&r=g","contentUrl":"https:\/\/secure.gravatar.com\/avatar\/7d67dcc9da347f82c0616b6154bd81eeec2c82e4ea5881248eca8d1f3413d3bd?s=96&d=mm&r=g","caption":"Szczep_Twierdza"},"sameAs":["https:\/\/twierdza.gliwice.zhp.pl"],"url":"https:\/\/twierdza.gliwice.zhp.pl\/index.php\/author\/szczep_twierdza\/"}]}},"_links":{"self":[{"href":"https:\/\/twierdza.gliwice.zhp.pl\/index.php\/wp-json\/wp\/v2\/posts\/1119","targetHints":{"allow":["GET"]}}],"collection":[{"href":"https:\/\/twierdza.gliwice.zhp.pl\/index.php\/wp-json\/wp\/v2\/posts"}],"about":[{"href":"https:\/\/twierdza.gliwice.zhp.pl\/index.php\/wp-json\/wp\/v2\/types\/post"}],"author":[{"embeddable":true,"href":"https:\/\/twierdza.gliwice.zhp.pl\/index.php\/wp-json\/wp\/v2\/users\/1"}],"replies":[{"embeddable":true,"href":"https:\/\/twierdza.gliwice.zhp.pl\/index.php\/wp-json\/wp\/v2\/comments?post=1119"}],"version-history":[{"count":8,"href":"https:\/\/twierdza.gliwice.zhp.pl\/index.php\/wp-json\/wp\/v2\/posts\/1119\/revisions"}],"predecessor-version":[{"id":1154,"href":"https:\/\/twierdza.gliwice.zhp.pl\/index.php\/wp-json\/wp\/v2\/posts\/1119\/revisions\/1154"}],"wp:attachment":[{"href":"https:\/\/twierdza.gliwice.zhp.pl\/index.php\/wp-json\/wp\/v2\/media?parent=1119"}],"wp:term":[{"taxonomy":"category","embeddable":true,"href":"https:\/\/twierdza.gliwice.zhp.pl\/index.php\/wp-json\/wp\/v2\/categories?post=1119"},{"taxonomy":"post_tag","embeddable":true,"href":"https:\/\/twierdza.gliwice.zhp.pl\/index.php\/wp-json\/wp\/v2\/tags?post=1119"}],"curies":[{"name":"wp","href":"https:\/\/api.w.org\/{rel}","templated":true}]}}