{"id":1190,"date":"2025-12-02T13:20:38","date_gmt":"2025-12-02T12:20:38","guid":{"rendered":"https:\/\/twierdza.gliwice.zhp.pl\/?p=1190"},"modified":"2025-12-02T13:23:40","modified_gmt":"2025-12-02T12:23:40","slug":"szlachetna-paczka","status":"publish","type":"post","link":"https:\/\/twierdza.gliwice.zhp.pl\/index.php\/2025\/12\/02\/szlachetna-paczka\/","title":{"rendered":"Szlachetna Paczka"},"content":{"rendered":"\t\t<div data-elementor-type=\"wp-post\" data-elementor-id=\"1190\" class=\"elementor elementor-1190\">\n\t\t\t\t<div class=\"elementor-element elementor-element-6fe4bd10 e-flex e-con-boxed e-con e-parent\" data-id=\"6fe4bd10\" data-element_type=\"container\">\n\t\t\t\t\t<div class=\"e-con-inner\">\n\t\t<div class=\"elementor-element elementor-element-e12673d e-con-full e-flex e-con e-child\" data-id=\"e12673d\" data-element_type=\"container\">\n\t\t\t\t<div class=\"elementor-element elementor-element-c066980 premium-wrapper-link-yes elementor-widget elementor-widget-text-editor\" data-id=\"c066980\" data-element_type=\"widget\" data-widget_type=\"text-editor.default\">\n\t\t\t\t<div class=\"elementor-widget-container\">\n\t\t\t\t\t\t\t\t\t\n<p><\/p>\n<p>Czuwaj! W tym roku chcieliby\u015bmy wsp\u00f3lnymi si\u0142ami kadry, harcerzy oraz rodzic\u00f3w naszego Szczepu przygotowa\u0107 <strong>Szlachetn\u0105 Paczk\u0119<\/strong> dla pewnej rodziny. Jeste\u015bmy du\u017cym \u015brodowiskiem, wi\u0119c liczymy, \u017ce uda nam si\u0119 spe\u0142ni\u0107 jej wszystkie potrzeby. Pod tym linkiem mo\u017cna zg\u0142asza\u0107 si\u0119 do zakupienia konkretnych produkt\u00f3w:<\/p>\n<p>\u00a0<\/p>\n<p><\/p>\n<p><a href=\"https:\/\/docs.google.com\/spreadsheets\/d\/1F1E0zgqebUG70QLkUnqR-o9q7vvhDyBzK2_tZkcggao\/edit?usp=sharing\" target=\"_blank\" rel=\"noreferrer noopener\">https:\/\/docs.google.com\/spreadsheets\/d\/1F1E0zgqebUG70QLkUnqR-o9q7vvhDyBzK2_tZkcggao\/edit?usp=sharing<\/a><\/p>\n<p>\u00a0<\/p>\n<p><\/p>\n<p>Przede wszystkim powinni\u015bmy spe\u0142ni\u0107 3 kluczowe potrzeby, a s\u0105 to: <strong>w\u0119giel, odzie\u017c oraz pralka.<\/strong> Tona w\u0119gla i pralka to wi\u0119ksze wydatki, ale by\u0107 mo\u017ce kto\u015b z Pa\u0144stwa ma takie mo\u017cliwo\u015bci i ch\u0119ci, by to zapewni\u0107, dlatego <strong>do ko\u0144ca \u015brody 3.12<\/strong> b\u0119d\u0105 ona umieszczone razem z innymi potrzebami na li\u015bcie do zapisywania si\u0119. W czwartek, je\u015bli b\u0119dzie tam pusto, podamy informacj\u0119 o tytule przelewu, gdzie ka\u017cdy b\u0119dzie m\u00f3g\u0142 wp\u0142aci\u0107 tyle, ile uwa\u017ca i ile jest w stanie, a my zorganizujemy zakup kluczowych potrzeb.<\/p>\n<p>\u00a0<\/p>\n<p><\/p>\n<p>Na li\u015bcie potrzebnych rzeczy s\u0105 produkty o r\u00f3\u017cnej warto\u015bci, wi\u0119c ka\u017cdy mo\u017ce w jaki\u015b spos\u00f3b pom\u00f3c. Rzeczy, kt\u00f3re podarujemy Rodzinie, powinny by\u0107 dla niej prezentem. Mog\u0105, ale nie musz\u0105 by\u0107 nowe. Je\u015bli b\u0119d\u0105 to rzeczy u\u017cywane, niech b\u0119d\u0105 zadbane.<\/p>\n<p>\u00a0<\/p>\n<p><\/p>\n<p>Wszystkie produkty (poza w\u0119glem i pralk\u0105) prosimy dostarczy\u0107 na <strong>Grodow\u0105 1A,<\/strong> gdzie wraz z ch\u0119tnymi harcerzami <strong>14 grudnia<\/strong> b\u0119dziemy pakowa\u0107 prezenty, a nast\u0119pnie zawieziemy je do magazynu Szlachetnej Paczki.<\/p>\n<p>\u00a0<\/p>\n<p><\/p>\n<p><strong>Wszelkie pytania mo\u017cna kierowa\u0107 do druhny Zosi M\u0142otkowskiej, tel. 795 843 220.<\/strong><\/p>\n\t\t\t\t\t\t\t\t<\/div>\n\t\t\t\t<\/div>\n\t\t\t\t<\/div>\n\t\t\t\t\t<\/div>\n\t\t\t\t<\/div>\n\t\t\t\t<\/div>\n\t\t","protected":false},"excerpt":{"rendered":"<p>Czuwaj! W tym roku chcieliby\u015bmy wsp\u00f3lnymi si\u0142ami kadry, harcerzy oraz rodzic\u00f3w naszego Szczepu przygotowa\u0107 Szlachetn\u0105 Paczk\u0119 dla pewnej rodziny. Jeste\u015bmy du\u017cym \u015brodowiskiem, wi\u0119c liczymy, \u017ce uda nam si\u0119 spe\u0142ni\u0107 jej wszystkie potrzeby. Pod tym linkiem mo\u017cna zg\u0142asza\u0107 si\u0119 do zakupienia konkretnych produkt\u00f3w: \u00a0 https:\/\/docs.google.com\/spreadsheets\/d\/1F1E0zgqebUG70QLkUnqR-o9q7vvhDyBzK2_tZkcggao\/edit?usp=sharing \u00a0 Przede wszystkim powinni\u015bmy spe\u0142ni\u0107 3 kluczowe potrzeby, a s\u0105 to: [&hellip;]<\/p>\n","protected":false},"author":1,"featured_media":0,"comment_status":"open","ping_status":"open","sticky":false,"template":"","format":"standard","meta":{"inline_featured_image":false,"footnotes":""},"categories":[1],"tags":[],"class_list":["post-1190","post","type-post","status-publish","format-standard","hentry","category-bez-kategorii"],"yoast_head":"<!-- This site is optimized with the Yoast SEO plugin v25.9 - https:\/\/yoast.com\/wordpress\/plugins\/seo\/ -->\n<title>Szlachetna Paczka - Gliwicki Szczep Twierdza<\/title>\n<meta name=\"robots\" content=\"index, follow, max-snippet:-1, max-image-preview:large, max-video-preview:-1\" \/>\n<link rel=\"canonical\" href=\"https:\/\/twierdza.gliwice.zhp.pl\/index.php\/2025\/12\/02\/szlachetna-paczka\/\" \/>\n<meta property=\"og:locale\" content=\"pl_PL\" \/>\n<meta property=\"og:type\" content=\"article\" \/>\n<meta property=\"og:title\" content=\"Szlachetna Paczka - Gliwicki Szczep Twierdza\" \/>\n<meta property=\"og:description\" content=\"Czuwaj! W tym roku chcieliby\u015bmy wsp\u00f3lnymi si\u0142ami kadry, harcerzy oraz rodzic\u00f3w naszego Szczepu przygotowa\u0107 Szlachetn\u0105 Paczk\u0119 dla pewnej rodziny. Jeste\u015bmy du\u017cym \u015brodowiskiem, wi\u0119c liczymy, \u017ce uda nam si\u0119 spe\u0142ni\u0107 jej wszystkie potrzeby. Pod tym linkiem mo\u017cna zg\u0142asza\u0107 si\u0119 do zakupienia konkretnych produkt\u00f3w: \u00a0 https:\/\/docs.google.com\/spreadsheets\/d\/1F1E0zgqebUG70QLkUnqR-o9q7vvhDyBzK2_tZkcggao\/edit?usp=sharing \u00a0 Przede wszystkim powinni\u015bmy spe\u0142ni\u0107 3 kluczowe potrzeby, a s\u0105 to: [&hellip;]\" \/>\n<meta property=\"og:url\" content=\"https:\/\/twierdza.gliwice.zhp.pl\/index.php\/2025\/12\/02\/szlachetna-paczka\/\" \/>\n<meta property=\"og:site_name\" content=\"Gliwicki Szczep Twierdza\" \/>\n<meta property=\"article:published_time\" content=\"2025-12-02T12:20:38+00:00\" \/>\n<meta property=\"article:modified_time\" content=\"2025-12-02T12:23:40+00:00\" \/>\n<meta name=\"author\" content=\"Szczep_Twierdza\" \/>\n<meta name=\"twitter:card\" content=\"summary_large_image\" \/>\n<meta name=\"twitter:label1\" content=\"Napisane przez\" \/>\n\t<meta name=\"twitter:data1\" content=\"Szczep_Twierdza\" \/>\n\t<meta name=\"twitter:label2\" content=\"Szacowany czas czytania\" \/>\n\t<meta name=\"twitter:data2\" content=\"2 minuty\" \/>\n<script type=\"application\/ld+json\" class=\"yoast-schema-graph\">{\"@context\":\"https:\/\/schema.org\",\"@graph\":[{\"@type\":\"Article\",\"@id\":\"https:\/\/twierdza.gliwice.zhp.pl\/index.php\/2025\/12\/02\/szlachetna-paczka\/#article\",\"isPartOf\":{\"@id\":\"https:\/\/twierdza.gliwice.zhp.pl\/index.php\/2025\/12\/02\/szlachetna-paczka\/\"},\"author\":{\"name\":\"Szczep_Twierdza\",\"@id\":\"https:\/\/twierdza.gliwice.zhp.pl\/#\/schema\/person\/e4b57869d3aba2b4a8c76580c6413962\"},\"headline\":\"Szlachetna Paczka\",\"datePublished\":\"2025-12-02T12:20:38+00:00\",\"dateModified\":\"2025-12-02T12:23:40+00:00\",\"mainEntityOfPage\":{\"@id\":\"https:\/\/twierdza.gliwice.zhp.pl\/index.php\/2025\/12\/02\/szlachetna-paczka\/\"},\"wordCount\":266,\"commentCount\":0,\"publisher\":{\"@id\":\"https:\/\/twierdza.gliwice.zhp.pl\/#organization\"},\"inLanguage\":\"pl-PL\",\"potentialAction\":[{\"@type\":\"CommentAction\",\"name\":\"Comment\",\"target\":[\"https:\/\/twierdza.gliwice.zhp.pl\/index.php\/2025\/12\/02\/szlachetna-paczka\/#respond\"]}]},{\"@type\":\"WebPage\",\"@id\":\"https:\/\/twierdza.gliwice.zhp.pl\/index.php\/2025\/12\/02\/szlachetna-paczka\/\",\"url\":\"https:\/\/twierdza.gliwice.zhp.pl\/index.php\/2025\/12\/02\/szlachetna-paczka\/\",\"name\":\"Szlachetna Paczka - Gliwicki Szczep Twierdza\",\"isPartOf\":{\"@id\":\"https:\/\/twierdza.gliwice.zhp.pl\/#website\"},\"datePublished\":\"2025-12-02T12:20:38+00:00\",\"dateModified\":\"2025-12-02T12:23:40+00:00\",\"breadcrumb\":{\"@id\":\"https:\/\/twierdza.gliwice.zhp.pl\/index.php\/2025\/12\/02\/szlachetna-paczka\/#breadcrumb\"},\"inLanguage\":\"pl-PL\",\"potentialAction\":[{\"@type\":\"ReadAction\",\"target\":[\"https:\/\/twierdza.gliwice.zhp.pl\/index.php\/2025\/12\/02\/szlachetna-paczka\/\"]}]},{\"@type\":\"BreadcrumbList\",\"@id\":\"https:\/\/twierdza.gliwice.zhp.pl\/index.php\/2025\/12\/02\/szlachetna-paczka\/#breadcrumb\",\"itemListElement\":[{\"@type\":\"ListItem\",\"position\":1,\"name\":\"Strona g\u0142\u00f3wna\",\"item\":\"https:\/\/twierdza.gliwice.zhp.pl\/\"},{\"@type\":\"ListItem\",\"position\":2,\"name\":\"Szlachetna Paczka\"}]},{\"@type\":\"WebSite\",\"@id\":\"https:\/\/twierdza.gliwice.zhp.pl\/#website\",\"url\":\"https:\/\/twierdza.gliwice.zhp.pl\/\",\"name\":\"Gliwicki Szczep Twierdza\",\"description\":\"Gliwicki Szczep Twierdza to jednostka dzia\u0142aj\u0105ca przy Hufcu ZHP Ziemi Gliwickiej, kt\u00f3ra zrzesza gromad\u0119 i dru\u017cyny z centrum Gliwic.\",\"publisher\":{\"@id\":\"https:\/\/twierdza.gliwice.zhp.pl\/#organization\"},\"potentialAction\":[{\"@type\":\"SearchAction\",\"target\":{\"@type\":\"EntryPoint\",\"urlTemplate\":\"https:\/\/twierdza.gliwice.zhp.pl\/?s={search_term_string}\"},\"query-input\":{\"@type\":\"PropertyValueSpecification\",\"valueRequired\":true,\"valueName\":\"search_term_string\"}}],\"inLanguage\":\"pl-PL\"},{\"@type\":\"Organization\",\"@id\":\"https:\/\/twierdza.gliwice.zhp.pl\/#organization\",\"name\":\"Gliwicki Szczep Twierdza\",\"url\":\"https:\/\/twierdza.gliwice.zhp.pl\/\",\"logo\":{\"@type\":\"ImageObject\",\"inLanguage\":\"pl-PL\",\"@id\":\"https:\/\/twierdza.gliwice.zhp.pl\/#\/schema\/logo\/image\/\",\"url\":\"https:\/\/twierdza.gliwice.zhp.pl\/wp-content\/uploads\/2023\/11\/logo-twierdza-white.png\",\"contentUrl\":\"https:\/\/twierdza.gliwice.zhp.pl\/wp-content\/uploads\/2023\/11\/logo-twierdza-white.png\",\"width\":7247,\"height\":2119,\"caption\":\"Gliwicki Szczep Twierdza\"},\"image\":{\"@id\":\"https:\/\/twierdza.gliwice.zhp.pl\/#\/schema\/logo\/image\/\"}},{\"@type\":\"Person\",\"@id\":\"https:\/\/twierdza.gliwice.zhp.pl\/#\/schema\/person\/e4b57869d3aba2b4a8c76580c6413962\",\"name\":\"Szczep_Twierdza\",\"image\":{\"@type\":\"ImageObject\",\"inLanguage\":\"pl-PL\",\"@id\":\"https:\/\/twierdza.gliwice.zhp.pl\/#\/schema\/person\/image\/\",\"url\":\"https:\/\/secure.gravatar.com\/avatar\/7d67dcc9da347f82c0616b6154bd81eeec2c82e4ea5881248eca8d1f3413d3bd?s=96&d=mm&r=g\",\"contentUrl\":\"https:\/\/secure.gravatar.com\/avatar\/7d67dcc9da347f82c0616b6154bd81eeec2c82e4ea5881248eca8d1f3413d3bd?s=96&d=mm&r=g\",\"caption\":\"Szczep_Twierdza\"},\"sameAs\":[\"https:\/\/twierdza.gliwice.zhp.pl\"],\"url\":\"https:\/\/twierdza.gliwice.zhp.pl\/index.php\/author\/szczep_twierdza\/\"}]}<\/script>\n<!-- \/ Yoast SEO plugin. -->","yoast_head_json":{"title":"Szlachetna Paczka - Gliwicki Szczep Twierdza","robots":{"index":"index","follow":"follow","max-snippet":"max-snippet:-1","max-image-preview":"max-image-preview:large","max-video-preview":"max-video-preview:-1"},"canonical":"https:\/\/twierdza.gliwice.zhp.pl\/index.php\/2025\/12\/02\/szlachetna-paczka\/","og_locale":"pl_PL","og_type":"article","og_title":"Szlachetna Paczka - Gliwicki Szczep Twierdza","og_description":"Czuwaj! W tym roku chcieliby\u015bmy wsp\u00f3lnymi si\u0142ami kadry, harcerzy oraz rodzic\u00f3w naszego Szczepu przygotowa\u0107 Szlachetn\u0105 Paczk\u0119 dla pewnej rodziny. Jeste\u015bmy du\u017cym \u015brodowiskiem, wi\u0119c liczymy, \u017ce uda nam si\u0119 spe\u0142ni\u0107 jej wszystkie potrzeby. Pod tym linkiem mo\u017cna zg\u0142asza\u0107 si\u0119 do zakupienia konkretnych produkt\u00f3w: \u00a0 https:\/\/docs.google.com\/spreadsheets\/d\/1F1E0zgqebUG70QLkUnqR-o9q7vvhDyBzK2_tZkcggao\/edit?usp=sharing \u00a0 Przede wszystkim powinni\u015bmy spe\u0142ni\u0107 3 kluczowe potrzeby, a s\u0105 to: [&hellip;]","og_url":"https:\/\/twierdza.gliwice.zhp.pl\/index.php\/2025\/12\/02\/szlachetna-paczka\/","og_site_name":"Gliwicki Szczep Twierdza","article_published_time":"2025-12-02T12:20:38+00:00","article_modified_time":"2025-12-02T12:23:40+00:00","author":"Szczep_Twierdza","twitter_card":"summary_large_image","twitter_misc":{"Napisane przez":"Szczep_Twierdza","Szacowany czas czytania":"2 minuty"},"schema":{"@context":"https:\/\/schema.org","@graph":[{"@type":"Article","@id":"https:\/\/twierdza.gliwice.zhp.pl\/index.php\/2025\/12\/02\/szlachetna-paczka\/#article","isPartOf":{"@id":"https:\/\/twierdza.gliwice.zhp.pl\/index.php\/2025\/12\/02\/szlachetna-paczka\/"},"author":{"name":"Szczep_Twierdza","@id":"https:\/\/twierdza.gliwice.zhp.pl\/#\/schema\/person\/e4b57869d3aba2b4a8c76580c6413962"},"headline":"Szlachetna Paczka","datePublished":"2025-12-02T12:20:38+00:00","dateModified":"2025-12-02T12:23:40+00:00","mainEntityOfPage":{"@id":"https:\/\/twierdza.gliwice.zhp.pl\/index.php\/2025\/12\/02\/szlachetna-paczka\/"},"wordCount":266,"commentCount":0,"publisher":{"@id":"https:\/\/twierdza.gliwice.zhp.pl\/#organization"},"inLanguage":"pl-PL","potentialAction":[{"@type":"CommentAction","name":"Comment","target":["https:\/\/twierdza.gliwice.zhp.pl\/index.php\/2025\/12\/02\/szlachetna-paczka\/#respond"]}]},{"@type":"WebPage","@id":"https:\/\/twierdza.gliwice.zhp.pl\/index.php\/2025\/12\/02\/szlachetna-paczka\/","url":"https:\/\/twierdza.gliwice.zhp.pl\/index.php\/2025\/12\/02\/szlachetna-paczka\/","name":"Szlachetna Paczka - Gliwicki Szczep Twierdza","isPartOf":{"@id":"https:\/\/twierdza.gliwice.zhp.pl\/#website"},"datePublished":"2025-12-02T12:20:38+00:00","dateModified":"2025-12-02T12:23:40+00:00","breadcrumb":{"@id":"https:\/\/twierdza.gliwice.zhp.pl\/index.php\/2025\/12\/02\/szlachetna-paczka\/#breadcrumb"},"inLanguage":"pl-PL","potentialAction":[{"@type":"ReadAction","target":["https:\/\/twierdza.gliwice.zhp.pl\/index.php\/2025\/12\/02\/szlachetna-paczka\/"]}]},{"@type":"BreadcrumbList","@id":"https:\/\/twierdza.gliwice.zhp.pl\/index.php\/2025\/12\/02\/szlachetna-paczka\/#breadcrumb","itemListElement":[{"@type":"ListItem","position":1,"name":"Strona g\u0142\u00f3wna","item":"https:\/\/twierdza.gliwice.zhp.pl\/"},{"@type":"ListItem","position":2,"name":"Szlachetna Paczka"}]},{"@type":"WebSite","@id":"https:\/\/twierdza.gliwice.zhp.pl\/#website","url":"https:\/\/twierdza.gliwice.zhp.pl\/","name":"Gliwicki Szczep Twierdza","description":"Gliwicki Szczep Twierdza to jednostka dzia\u0142aj\u0105ca przy Hufcu ZHP Ziemi Gliwickiej, kt\u00f3ra zrzesza gromad\u0119 i dru\u017cyny z centrum Gliwic.","publisher":{"@id":"https:\/\/twierdza.gliwice.zhp.pl\/#organization"},"potentialAction":[{"@type":"SearchAction","target":{"@type":"EntryPoint","urlTemplate":"https:\/\/twierdza.gliwice.zhp.pl\/?s={search_term_string}"},"query-input":{"@type":"PropertyValueSpecification","valueRequired":true,"valueName":"search_term_string"}}],"inLanguage":"pl-PL"},{"@type":"Organization","@id":"https:\/\/twierdza.gliwice.zhp.pl\/#organization","name":"Gliwicki Szczep Twierdza","url":"https:\/\/twierdza.gliwice.zhp.pl\/","logo":{"@type":"ImageObject","inLanguage":"pl-PL","@id":"https:\/\/twierdza.gliwice.zhp.pl\/#\/schema\/logo\/image\/","url":"https:\/\/twierdza.gliwice.zhp.pl\/wp-content\/uploads\/2023\/11\/logo-twierdza-white.png","contentUrl":"https:\/\/twierdza.gliwice.zhp.pl\/wp-content\/uploads\/2023\/11\/logo-twierdza-white.png","width":7247,"height":2119,"caption":"Gliwicki Szczep Twierdza"},"image":{"@id":"https:\/\/twierdza.gliwice.zhp.pl\/#\/schema\/logo\/image\/"}},{"@type":"Person","@id":"https:\/\/twierdza.gliwice.zhp.pl\/#\/schema\/person\/e4b57869d3aba2b4a8c76580c6413962","name":"Szczep_Twierdza","image":{"@type":"ImageObject","inLanguage":"pl-PL","@id":"https:\/\/twierdza.gliwice.zhp.pl\/#\/schema\/person\/image\/","url":"https:\/\/secure.gravatar.com\/avatar\/7d67dcc9da347f82c0616b6154bd81eeec2c82e4ea5881248eca8d1f3413d3bd?s=96&d=mm&r=g","contentUrl":"https:\/\/secure.gravatar.com\/avatar\/7d67dcc9da347f82c0616b6154bd81eeec2c82e4ea5881248eca8d1f3413d3bd?s=96&d=mm&r=g","caption":"Szczep_Twierdza"},"sameAs":["https:\/\/twierdza.gliwice.zhp.pl"],"url":"https:\/\/twierdza.gliwice.zhp.pl\/index.php\/author\/szczep_twierdza\/"}]}},"_links":{"self":[{"href":"https:\/\/twierdza.gliwice.zhp.pl\/index.php\/wp-json\/wp\/v2\/posts\/1190","targetHints":{"allow":["GET"]}}],"collection":[{"href":"https:\/\/twierdza.gliwice.zhp.pl\/index.php\/wp-json\/wp\/v2\/posts"}],"about":[{"href":"https:\/\/twierdza.gliwice.zhp.pl\/index.php\/wp-json\/wp\/v2\/types\/post"}],"author":[{"embeddable":true,"href":"https:\/\/twierdza.gliwice.zhp.pl\/index.php\/wp-json\/wp\/v2\/users\/1"}],"replies":[{"embeddable":true,"href":"https:\/\/twierdza.gliwice.zhp.pl\/index.php\/wp-json\/wp\/v2\/comments?post=1190"}],"version-history":[{"count":6,"href":"https:\/\/twierdza.gliwice.zhp.pl\/index.php\/wp-json\/wp\/v2\/posts\/1190\/revisions"}],"predecessor-version":[{"id":1199,"href":"https:\/\/twierdza.gliwice.zhp.pl\/index.php\/wp-json\/wp\/v2\/posts\/1190\/revisions\/1199"}],"wp:attachment":[{"href":"https:\/\/twierdza.gliwice.zhp.pl\/index.php\/wp-json\/wp\/v2\/media?parent=1190"}],"wp:term":[{"taxonomy":"category","embeddable":true,"href":"https:\/\/twierdza.gliwice.zhp.pl\/index.php\/wp-json\/wp\/v2\/categories?post=1190"},{"taxonomy":"post_tag","embeddable":true,"href":"https:\/\/twierdza.gliwice.zhp.pl\/index.php\/wp-json\/wp\/v2\/tags?post=1190"}],"curies":[{"name":"wp","href":"https:\/\/api.w.org\/{rel}","templated":true}]}}